{"id":299,"date":"2024-06-02T17:50:52","date_gmt":"2024-06-02T17:50:52","guid":{"rendered":"https:\/\/www.aireacondicionado21.com\/?p=299"},"modified":"2024-06-10T10:07:11","modified_gmt":"2024-06-10T10:07:11","slug":"10-averias-mas-comunes-en-los-sistemas-de-aire-acondicionado-domestico","status":"publish","type":"post","link":"https:\/\/www.aireacondicionado21.com\/index.php\/2024\/06\/02\/10-averias-mas-comunes-en-los-sistemas-de-aire-acondicionado-domestico\/","title":{"rendered":"8 aver\u00edas m\u00e1s comunes en los sistemas de aire acondicionado dom\u00e9stico"},"content":{"rendered":"<div class=\"fusion-fullwidth fullwidth-box fusion-builder-row-1 fusion-flex-container nonhundred-percent-fullwidth non-hundred-percent-height-scrolling\" style=\"--awb-border-radius-top-left:0px;--awb-border-radius-top-right:0px;--awb-border-radius-bottom-right:0px;--awb-border-radius-bottom-left:0px;--awb-flex-wrap:wrap;\" ><div class=\"fusion-builder-row fusion-row fusion-flex-align-items-flex-start fusion-flex-content-wrap\" style=\"max-width:1227.2px;margin-left: calc(-4% \/ 2 );margin-right: calc(-4% \/ 2 );\"><div class=\"fusion-layout-column fusion_builder_column fusion-builder-column-0 fusion_builder_column_1_1 1_1 fusion-flex-column\" style=\"--awb-bg-size:cover;--awb-width-large:100%;--awb-margin-top-large:0px;--awb-spacing-right-large:1.92%;--awb-margin-bottom-large:0px;--awb-spacing-left-large:1.92%;--awb-width-medium:100%;--awb-spacing-right-medium:1.92%;--awb-spacing-left-medium:1.92%;--awb-width-small:100%;--awb-spacing-right-small:1.92%;--awb-spacing-left-small:1.92%;\"><div class=\"fusion-column-wrapper fusion-flex-justify-content-flex-start fusion-content-layout-column\"><div class=\"fusion-text fusion-text-1\"><p>8 aver\u00edas m\u00e1s comunes en los sistemas de aire acondicionado dom\u00e9stico:<\/p>\n<p><strong>1. Fuga de refrigerante:<\/strong> Si el aire acondicionado no enfr\u00eda como antes o escuchas un silbido o zumbido, podr\u00eda haber una fuga de refrigerante. Esto suele deberse a una mala instalaci\u00f3n o a un componente defectuoso.<\/p>\n<p><strong>2. Problemas con el compresor:<\/strong> Si el aire acondicionado no enfr\u00eda, hace ruidos inusuales o se apaga y enciende, es posible que el compresor est\u00e9 fallando. En este caso, es recomendable llamar a un t\u00e9cnico para la reparaci\u00f3n.<\/p>\n<p><strong>3. Problemas con el ventilador:<\/strong> El ventilador es responsable de circular el aire. Si no sopla aire o hay ruidos extra\u00f1os, el ventilador podr\u00eda estar da\u00f1ado o sucio. Intenta limpiarlo, pero si no funciona, llama a un t\u00e9cnico.<\/p>\n<p><strong>4.Problemas con el termostato:<\/strong> Si el aire acondicionado no enfr\u00eda o no se enciende, el termostato podr\u00eda estar defectuoso. Ajusta la temperatura y reemplaza las bater\u00edas, pero si persiste el problema, llama a un t\u00e9cnico.<\/p>\n<p><strong>5. Problemas con el capacitor:<\/strong> El capacitor ayuda al motor del compresor a arrancar. Si el aire acondicionado no enfr\u00eda o hay ruidos extra\u00f1os, el capacitor podr\u00eda estar defectuoso. Nuevamente, llama a un t\u00e9cnico.<\/p>\n<p><strong>6. Filtro de aire sucio:<\/strong> Un filtro de aire sucio reduce el flujo de aire y afecta el rendimiento del aire acondicionado. Reempl\u00e1zalo regularmente para evitar problemas.<\/p>\n<p><strong>7. Problemas con el evaporador:<\/strong> El evaporador absorbe el calor del aire. Si no enfr\u00eda o hay ruidos extra\u00f1os, podr\u00eda estar da\u00f1ado o sucio. Intenta limpiarlo o llama a un t\u00e9cnico.<\/p>\n<p><strong>8. Problemas el\u00e9ctricos:<\/strong> Fallas en conexiones el\u00e9ctricas pueden afectar el funcionamiento del aire acondicionado.<\/p>\n<p>Recuerda que, en caso de aver\u00edas, siempre es recomendable consultar a un profesional para una evaluaci\u00f3n precisa<\/p>\n<\/div><\/div><\/div><\/div><\/div>\n","protected":false},"excerpt":{"rendered":"","protected":false},"author":1,"featured_media":2291,"comment_status":"open","ping_status":"open","sticky":false,"template":"","format":"standard","meta":{"footnotes":""},"categories":[36],"tags":[4,8,14,19],"class_list":["post-299","post","type-post","status-publish","format-standard","has-post-thumbnail","hentry","category-aire-acondicionado","tag-electrical","tag-fusion","tag-motherboard","tag-testing"],"_links":{"self":[{"href":"https:\/\/www.aireacondicionado21.com\/index.php\/wp-json\/wp\/v2\/posts\/299","targetHints":{"allow":["GET"]}}],"collection":[{"href":"https:\/\/www.aireacondicionado21.com\/index.php\/wp-json\/wp\/v2\/posts"}],"about":[{"href":"https:\/\/www.aireacondicionado21.com\/index.php\/wp-json\/wp\/v2\/types\/post"}],"author":[{"embeddable":true,"href":"https:\/\/www.aireacondicionado21.com\/index.php\/wp-json\/wp\/v2\/users\/1"}],"replies":[{"embeddable":true,"href":"https:\/\/www.aireacondicionado21.com\/index.php\/wp-json\/wp\/v2\/comments?post=299"}],"version-history":[{"count":2,"href":"https:\/\/www.aireacondicionado21.com\/index.php\/wp-json\/wp\/v2\/posts\/299\/revisions"}],"predecessor-version":[{"id":2293,"href":"https:\/\/www.aireacondicionado21.com\/index.php\/wp-json\/wp\/v2\/posts\/299\/revisions\/2293"}],"wp:featuredmedia":[{"embeddable":true,"href":"https:\/\/www.aireacondicionado21.com\/index.php\/wp-json\/wp\/v2\/media\/2291"}],"wp:attachment":[{"href":"https:\/\/www.aireacondicionado21.com\/index.php\/wp-json\/wp\/v2\/media?parent=299"}],"wp:term":[{"taxonomy":"category","embeddable":true,"href":"https:\/\/www.aireacondicionado21.com\/index.php\/wp-json\/wp\/v2\/categories?post=299"},{"taxonomy":"post_tag","embeddable":true,"href":"https:\/\/www.aireacondicionado21.com\/index.php\/wp-json\/wp\/v2\/tags?post=299"}],"curies":[{"name":"wp","href":"https:\/\/api.w.org\/{rel}","templated":true}]}}